{"id":3267,"date":"2026-08-31T11:53:39","date_gmt":"2026-08-31T09:53:39","guid":{"rendered":"https:\/\/www.grafschaftslauf.de\/web\/?p=3267"},"modified":"2026-08-31T11:53:39","modified_gmt":"2026-08-31T09:53:39","slug":"grafschaftslauf-2026-ein-tag-zwischen-freude-und-grosser-sorge","status":"publish","type":"post","link":"https:\/\/www.grafschaftslauf.de\/web\/2026\/08\/31\/grafschaftslauf-2026-ein-tag-zwischen-freude-und-grosser-sorge\/","title":{"rendered":"Grafschaftslauf 2026 \u2013 ein Tag zwischen Freude und gro\u00dfer Sorge"},"content":{"rendered":"<p>Grafschaftslauf 2026 \u2013 ein Tag zwischen Freude und gro\u00dfer Sorge<\/p>\n<p>Eigentlich h\u00e4tte der Sport im Mittelpunkt stehen sollen. Florian Bochert und Kiara Nahen stellten neue Streckenrekorde auf, und mit so vielen Teilnehmerinnen und Teilnehmern wie nie zuvor durften wir einen neuen Rekord f\u00fcr den Grafschaftslauf feiern.<\/p>\n<p>Doch all das r\u00fcckte in den Hintergrund.<\/p>\n<p>Direkt am Zieleinlauf kam es zu einem schweren medizinischen Notfall bei einem Besucher unserer Veranstaltung. \u00dcber einen l\u00e4ngeren Zeitraum musste eine 36- j\u00e4hrige Frau, die ihr Kind beim Kinderlauf anfeuerte,\u00a0 reanimiert und anschlie\u00dfend ins Krankenhaus gebracht werden.<\/p>\n<p>Unsere Gedanken sind bei der betroffenen Person und ihren Angeh\u00f6rigen. Wir hoffen von Herzen auf einen guten Ausgang. \u2764\ufe0f<\/p>\n<p>Unser besonderer Dank gilt allen Helferinnen und Helfern, die innerhalb k\u00fcrzester Zeit zur Stelle waren, besonnen gehandelt und gemeinsam mit den Rettungskr\u00e4ften eine schnelle und professionelle Rettungskette erm\u00f6glicht haben. Was hier geleistet wurde, verdient unseren gr\u00f6\u00dften Respekt. Danke an jeden Einzelnen von euch.<\/p>\n<p>Aus Respekt vor der Situation haben wir uns entschieden, auf eine Siegerehrung sowie auf weitere Musik im Zielbereich zu verzichten. Wir hoffen sehr auf das Verst\u00e4ndnis aller Teilnehmerinnen, Teilnehmer und Zuschauer.<\/p>\n<p>Bei aller Sorge m\u00f6chten wir dennoch allen gratulieren, die heute beim Grafschaftslauf an den Start gegangen sind. Ihr habt sportlich Gro\u00dfartiges geleistet und diesen Grafschaftslauf zu einem besonderen gemacht. Herzlichen Gl\u00fcckwunsch an alle, die das Ziel erreicht haben.<\/p>\n<p>Heute, eine Tag nach dem Lauf steht f\u00fcr uns vor allem eines im Mittelpunkt: die Hoffnung, dass es der betroffenen Person bald besser geht.<\/p>\n<p>Hoffen wir das Beste!<\/p>\n","protected":false},"excerpt":{"rendered":"<p>Grafschaftslauf 2026 \u2013 ein Tag zwischen Freude und gro\u00dfer Sorge Eigentlich h\u00e4tte der Sport im Mittelpunkt stehen sollen. Florian Bochert und Kiara Nahen stellten neue Streckenrekorde auf, und mit so [&hellip;]<\/p>\n","protected":false},"author":2,"featured_media":3268,"comment_status":"closed","ping_status":"open","sticky":false,"template":"","format":"standard","meta":{"_bbp_topic_count":0,"_bbp_reply_count":0,"_bbp_total_topic_count":0,"_bbp_total_reply_count":0,"_bbp_voice_count":0,"_bbp_anonymous_reply_count":0,"_bbp_topic_count_hidden":0,"_bbp_reply_count_hidden":0,"_bbp_forum_subforum_count":0,"footnotes":""},"categories":[1],"tags":[],"class_list":["post-3267","post","type-post","status-publish","format-standard","has-post-thumbnail","hentry","category-uncategorized"],"_links":{"self":[{"href":"https:\/\/www.grafschaftslauf.de\/web\/wp-json\/wp\/v2\/posts\/3267"}],"collection":[{"href":"https:\/\/www.grafschaftslauf.de\/web\/wp-json\/wp\/v2\/posts"}],"about":[{"href":"https:\/\/www.grafschaftslauf.de\/web\/wp-json\/wp\/v2\/types\/post"}],"author":[{"embeddable":true,"href":"https:\/\/www.grafschaftslauf.de\/web\/wp-json\/wp\/v2\/users\/2"}],"replies":[{"embeddable":true,"href":"https:\/\/www.grafschaftslauf.de\/web\/wp-json\/wp\/v2\/comments?post=3267"}],"version-history":[{"count":1,"href":"https:\/\/www.grafschaftslauf.de\/web\/wp-json\/wp\/v2\/posts\/3267\/revisions"}],"predecessor-version":[{"id":3269,"href":"https:\/\/www.grafschaftslauf.de\/web\/wp-json\/wp\/v2\/posts\/3267\/revisions\/3269"}],"wp:featuredmedia":[{"embeddable":true,"href":"https:\/\/www.grafschaftslauf.de\/web\/wp-json\/wp\/v2\/media\/3268"}],"wp:attachment":[{"href":"https:\/\/www.grafschaftslauf.de\/web\/wp-json\/wp\/v2\/media?parent=3267"}],"wp:term":[{"taxonomy":"category","embeddable":true,"href":"https:\/\/www.grafschaftslauf.de\/web\/wp-json\/wp\/v2\/categories?post=3267"},{"taxonomy":"post_tag","embeddable":true,"href":"https:\/\/www.grafschaftslauf.de\/web\/wp-json\/wp\/v2\/tags?post=3267"}],"curies":[{"name":"wp","href":"https:\/\/api.w.org\/{rel}","templated":true}]}}