{"id":3094,"date":"2023-08-25T07:44:41","date_gmt":"2023-08-25T05:44:41","guid":{"rendered":"https:\/\/www.grafschaftslauf.de\/web\/?p=3094"},"modified":"2023-08-25T07:44:41","modified_gmt":"2023-08-25T05:44:41","slug":"1175-voranmeldungen-startlisten-online","status":"publish","type":"post","link":"https:\/\/www.grafschaftslauf.de\/web\/2023\/08\/25\/1175-voranmeldungen-startlisten-online\/","title":{"rendered":"1175 Voranmeldungen \u2013 Startlisten online!"},"content":{"rendered":"<p>F\u00fcr die dritte Auflage des interkommunalen Gemeinschaftslaufes k\u00fcndigt sich der dritte Teilnehmerrekord an. So viele L\u00e4uferinnen und L\u00e4ufer wie noch nie haben Ihre Meldung f\u00fcr den Grafschaftslauf 2023 abgegeben. Neu dabei sind die Kinderl\u00e4ufe in Rietberg und Verl\/Kaunitz, die das stimmungsvolle Warm Up f\u00fcr die Gro\u00dfen sind. Zahlreiche Stimmungsnester entlang der Strecke tragen die Sportler ins Ziel. Die Startlisten sind online und \u00fcber die Homepage abrufbar. Wir freuen uns auf einen tollen Grafschaftslauf 2023 mit Euch!<\/p>\n","protected":false},"excerpt":{"rendered":"<p>F\u00fcr die dritte Auflage des interkommunalen Gemeinschaftslaufes k\u00fcndigt sich der dritte Teilnehmerrekord an. So viele L\u00e4uferinnen und L\u00e4ufer wie noch nie haben Ihre Meldung f\u00fcr den Grafschaftslauf 2023 abgegeben. Neu [&hellip;]<\/p>\n","protected":false},"author":1,"featured_media":3093,"comment_status":"open","ping_status":"open","sticky":false,"template":"","format":"standard","meta":{"_bbp_topic_count":0,"_bbp_reply_count":0,"_bbp_total_topic_count":0,"_bbp_total_reply_count":0,"_bbp_voice_count":0,"_bbp_anonymous_reply_count":0,"_bbp_topic_count_hidden":0,"_bbp_reply_count_hidden":0,"_bbp_forum_subforum_count":0,"footnotes":""},"categories":[1],"tags":[],"class_list":["post-3094","post","type-post","status-publish","format-standard","has-post-thumbnail","hentry","category-uncategorized"],"_links":{"self":[{"href":"https:\/\/www.grafschaftslauf.de\/web\/wp-json\/wp\/v2\/posts\/3094"}],"collection":[{"href":"https:\/\/www.grafschaftslauf.de\/web\/wp-json\/wp\/v2\/posts"}],"about":[{"href":"https:\/\/www.grafschaftslauf.de\/web\/wp-json\/wp\/v2\/types\/post"}],"author":[{"embeddable":true,"href":"https:\/\/www.grafschaftslauf.de\/web\/wp-json\/wp\/v2\/users\/1"}],"replies":[{"embeddable":true,"href":"https:\/\/www.grafschaftslauf.de\/web\/wp-json\/wp\/v2\/comments?post=3094"}],"version-history":[{"count":1,"href":"https:\/\/www.grafschaftslauf.de\/web\/wp-json\/wp\/v2\/posts\/3094\/revisions"}],"predecessor-version":[{"id":3095,"href":"https:\/\/www.grafschaftslauf.de\/web\/wp-json\/wp\/v2\/posts\/3094\/revisions\/3095"}],"wp:featuredmedia":[{"embeddable":true,"href":"https:\/\/www.grafschaftslauf.de\/web\/wp-json\/wp\/v2\/media\/3093"}],"wp:attachment":[{"href":"https:\/\/www.grafschaftslauf.de\/web\/wp-json\/wp\/v2\/media?parent=3094"}],"wp:term":[{"taxonomy":"category","embeddable":true,"href":"https:\/\/www.grafschaftslauf.de\/web\/wp-json\/wp\/v2\/categories?post=3094"},{"taxonomy":"post_tag","embeddable":true,"href":"https:\/\/www.grafschaftslauf.de\/web\/wp-json\/wp\/v2\/tags?post=3094"}],"curies":[{"name":"wp","href":"https:\/\/api.w.org\/{rel}","templated":true}]}}