{"id":2859,"date":"2020-05-14T21:02:50","date_gmt":"2020-05-14T19:02:50","guid":{"rendered":"https:\/\/www.grafschaftslauf.de\/web\/?p=2859"},"modified":"2020-05-14T21:03:02","modified_gmt":"2020-05-14T19:03:02","slug":"verschoben-grafschaftslauf-feiert-erst-2021-premiere","status":"publish","type":"post","link":"https:\/\/www.grafschaftslauf.de\/web\/2020\/05\/14\/verschoben-grafschaftslauf-feiert-erst-2021-premiere\/","title":{"rendered":"Verschoben: Grafschaftslauf feiert erst 2021 Premiere"},"content":{"rendered":"\n<p>Die Laufschuhe m\u00fcssen zumindest in diesem Jahr leider im Schrank bleiben: Die Premiere des Grafschaftslaufs, die f\u00fcr Sonntag, 30. August, geplant war, wird um ein Jahr verschoben. Darauf haben sich die Organisatoren, allen voran die B\u00fcrgermeister der St\u00e4dte Verl, Schlo\u00df Holte-Stukenbrock und Rietberg, am 13. Mai in einer Videokonferenz verst\u00e4ndigt. Der Lauf soll bekanntlich von Rietberg \u00fcber den Verler Ortsteil Kaunitz bis nach Schlo\u00df Holte-Stukenbrock f\u00fchren und alle drei St\u00e4dte miteinander verbinden.<\/p>\n\n\n\n<p>Weil Gro\u00dfveranstaltungen jeglicher Art aufgrund der Corona-Pandemie bis zum 31. August untersagt sind, ist es jedoch nicht m\u00f6glich, den Lauf wie geplant am 30. August stattfinden zu lassen. Zun\u00e4chst war eine Verschiebung in den September oder Oktober angedacht, doch Veranstaltungen dieser Gr\u00f6\u00dfenordnung m\u00fcssen nat\u00fcrlich vorab geplant und organisiert werden, Teilnehmer und Veranstalter brauchen Planungssicherheit. Das ist unter den momentanen Bedingungen allerdings auch f\u00fcr den Zeitraum nach dem 31. August nicht zu gew\u00e4hrleisten. Denn niemand wei\u00df, ob im Herbst tats\u00e4chlich wieder Gro\u00dfveranstaltungen erlaubt sein werden. Neuer Termin f\u00fcr den Grafschaftslauf ist daher der 29. August 2021.<\/p>\n\n\n\n<p>\u201eMit gro\u00dfem Bedauern haben wir uns gemeinsam entschlossen, die Premiere des Grafschaftslaufs auf n\u00e4chstes Jahr zu verschieben, da der Schutz unserer B\u00fcrgerinnen und B\u00fcrger f\u00fcr uns nat\u00fcrlich an erster Stelle steht. Unt\u00e4tig werden wir in der Zwischenzeit aber keineswegs sein. Wir wollen die Zeit nutzen und zum Beispiel die Strecke als Wanderweg und Laufweg ausweisen. Ich bin mir sicher, dass die Premiere des Grafschaftslaufs eines der Highlights des Jahres 2021 sein wird!\u201c, sagt der Schlo\u00df Holte-Stukenbrocker B\u00fcrgermeister Hubert Erichlandwehr, Ideengeber des Grafschaftslaufs.<\/p>\n\n\n\n<p>\u201eIch hoffe, L\u00e4uferinnen und L\u00e4ufer werden Verst\u00e4ndnis haben. Sie wollen f\u00fcr ihren Laufkalender ebenso Verl\u00e4sslichkeit wie wir als Veranstalter\u201c, sagt Andreas Sunder, B\u00fcrgermeister der Stadt Rietberg.&nbsp; \u201eNat\u00fcrlich ist es sehr schade, dass der Lauf in diesem Jahr nicht stattfinden kann. Aber der gesundheitliche Schutz aller Beteiligten hat absoluten Vorrang\u201c, meint auch der Verler B\u00fcrgermeister Michael Esken. \u201eF\u00fcr die Premiere hatten sich in jeder der drei beteiligten St\u00e4dte bereits zahlreiche Vereine und Helfer gefunden, die unsere Idee tatkr\u00e4ftig unterst\u00fctzen und zu einem tollen Rahmenprogramm beitragen wollten. Daf\u00fcr sagen wir an dieser Stelle ganz herzlichen Dank und hoffen nat\u00fcrlich, dass auch im kommenden Jahr alle wieder dabei sein werden\u201c, so Esken weiter.<\/p>\n\n\n\n<p>Auch bei L\u00e4uferinnen und L\u00e4ufern war die Idee der st\u00e4dte\u00fcbergreifenden Sportveranstaltung auf viel Resonanz gesto\u00dfen: F\u00fcr die Premiere lagen bis jetzt schon weit mehr als 500 Anmeldungen vor. \u201eAlle angemeldeten Teilnehmerinnen und Teilnehmer werden in den n\u00e4chsten Tagen informiert und bekommen mehrere M\u00f6glichkeiten, wie mit ihrer Meldung verfahren werden soll. Eine R\u00fcckerstattung des Startgeldes ist m\u00f6glich, aber auch die \u00dcbertragung in das n\u00e4chste Jahr\u201c, k\u00fcndigt Thorsten N\u00f6thling vom Organisationsteam an.<\/p>\n","protected":false},"excerpt":{"rendered":"<p>Die Laufschuhe m\u00fcssen zumindest in diesem Jahr leider im Schrank bleiben: Die Premiere des Grafschaftslaufs, die f\u00fcr Sonntag, 30. August, geplant war, wird um ein Jahr verschoben. Darauf haben sich [&hellip;]<\/p>\n","protected":false},"author":1,"featured_media":2619,"comment_status":"open","ping_status":"open","sticky":false,"template":"","format":"standard","meta":{"_bbp_topic_count":0,"_bbp_reply_count":0,"_bbp_total_topic_count":0,"_bbp_total_reply_count":0,"_bbp_voice_count":0,"_bbp_anonymous_reply_count":0,"_bbp_topic_count_hidden":0,"_bbp_reply_count_hidden":0,"_bbp_forum_subforum_count":0,"footnotes":""},"categories":[1],"tags":[],"class_list":["post-2859","post","type-post","status-publish","format-standard","has-post-thumbnail","hentry","category-uncategorized"],"_links":{"self":[{"href":"https:\/\/www.grafschaftslauf.de\/web\/wp-json\/wp\/v2\/posts\/2859"}],"collection":[{"href":"https:\/\/www.grafschaftslauf.de\/web\/wp-json\/wp\/v2\/posts"}],"about":[{"href":"https:\/\/www.grafschaftslauf.de\/web\/wp-json\/wp\/v2\/types\/post"}],"author":[{"embeddable":true,"href":"https:\/\/www.grafschaftslauf.de\/web\/wp-json\/wp\/v2\/users\/1"}],"replies":[{"embeddable":true,"href":"https:\/\/www.grafschaftslauf.de\/web\/wp-json\/wp\/v2\/comments?post=2859"}],"version-history":[{"count":1,"href":"https:\/\/www.grafschaftslauf.de\/web\/wp-json\/wp\/v2\/posts\/2859\/revisions"}],"predecessor-version":[{"id":2860,"href":"https:\/\/www.grafschaftslauf.de\/web\/wp-json\/wp\/v2\/posts\/2859\/revisions\/2860"}],"wp:featuredmedia":[{"embeddable":true,"href":"https:\/\/www.grafschaftslauf.de\/web\/wp-json\/wp\/v2\/media\/2619"}],"wp:attachment":[{"href":"https:\/\/www.grafschaftslauf.de\/web\/wp-json\/wp\/v2\/media?parent=2859"}],"wp:term":[{"taxonomy":"category","embeddable":true,"href":"https:\/\/www.grafschaftslauf.de\/web\/wp-json\/wp\/v2\/categories?post=2859"},{"taxonomy":"post_tag","embeddable":true,"href":"https:\/\/www.grafschaftslauf.de\/web\/wp-json\/wp\/v2\/tags?post=2859"}],"curies":[{"name":"wp","href":"https:\/\/api.w.org\/{rel}","templated":true}]}}