{"id":2839,"date":"2020-03-20T12:55:38","date_gmt":"2020-03-20T11:55:38","guid":{"rendered":"https:\/\/www.grafschaftslauf.de\/web\/?p=2839"},"modified":"2020-03-20T12:55:39","modified_gmt":"2020-03-20T11:55:39","slug":"corona-update","status":"publish","type":"post","link":"https:\/\/www.grafschaftslauf.de\/web\/2020\/03\/20\/corona-update\/","title":{"rendered":"Corona &#8211; Update"},"content":{"rendered":"\n<p>In den letzten Tagen hatten wir einige Anfragen, ob wegen der aktuellen Corona-Pandemie die Premiere des Grafschaftslaufs am 30. August 2020 wie geplant stattfinden kann. <strong>Wir rechnen fest damit<\/strong> und setzen die Vorbereitungen hierf\u00fcr im vollen Umfang fort. Wir sind optimistisch, dass das Corona-Virus mit den nun greifenden beherzten Schutzma\u00dfnahmen und solidarischen Handeln einged\u00e4mmt werden kann. Die Fachleute prognostizieren, dass der H\u00f6hepunkt der Corona-Erkrankungen im Mai erreicht sein wird. Dann sind es noch \u00fcber drei Monate bis zu unserem Lauf. Eine ausreichend lange Zeit, um die Schutzma\u00dfnahmen Schritt f\u00fcr Schritt wieder aufzuheben und schlie\u00dflich Veranstaltungen in unserer Gr\u00f6\u00dfenordnung wieder zuzulassen. Die Tatsache, dass einige Fr\u00fchjahrsl\u00e4ufe in Abstimmung mit den Genehmigungsbeh\u00f6rden ihre Rennen nicht abgesagt, sondern in den August\/September verlegt haben, best\u00e4rkt uns in dieser Annahme.<\/p>\n\n\n\n<p><strong>Sollte der Lauf wider Erwarten aufgrund der Corona-Pandemie nicht stattfinden k\u00f6nnen, erstatten wir jedem L\u00e4ufer (so er es denn w\u00fcnscht) sein Startgeld.<\/strong><\/p>\n\n\n\n<p> Jetzt gilt aber, dass wir alle unserer Verantwortung zur gr\u00f6\u00dftm\u00f6glichen Eind\u00e4mmung der Corona-Virus gerecht werden damit wir baldm\u00f6glichst wieder alle gemeinsam das tun k\u00f6nnen, was wir so lieben \u2013 Laufen!<\/p>\n\n\n\n<p>In diesem Sinne, bleibt gesund!<br> Euer Grafschaftslauf Orga-Team<\/p>\n","protected":false},"excerpt":{"rendered":"<p>In den letzten Tagen hatten wir einige Anfragen, ob wegen der aktuellen Corona-Pandemie die Premiere des Grafschaftslaufs am 30. August 2020 wie geplant stattfinden kann. Wir rechnen fest damit und [&hellip;]<\/p>\n","protected":false},"author":1,"featured_media":2840,"comment_status":"open","ping_status":"open","sticky":false,"template":"","format":"standard","meta":{"_bbp_topic_count":0,"_bbp_reply_count":0,"_bbp_total_topic_count":0,"_bbp_total_reply_count":0,"_bbp_voice_count":0,"_bbp_anonymous_reply_count":0,"_bbp_topic_count_hidden":0,"_bbp_reply_count_hidden":0,"_bbp_forum_subforum_count":0,"footnotes":""},"categories":[1],"tags":[],"class_list":["post-2839","post","type-post","status-publish","format-standard","has-post-thumbnail","hentry","category-uncategorized"],"_links":{"self":[{"href":"https:\/\/www.grafschaftslauf.de\/web\/wp-json\/wp\/v2\/posts\/2839"}],"collection":[{"href":"https:\/\/www.grafschaftslauf.de\/web\/wp-json\/wp\/v2\/posts"}],"about":[{"href":"https:\/\/www.grafschaftslauf.de\/web\/wp-json\/wp\/v2\/types\/post"}],"author":[{"embeddable":true,"href":"https:\/\/www.grafschaftslauf.de\/web\/wp-json\/wp\/v2\/users\/1"}],"replies":[{"embeddable":true,"href":"https:\/\/www.grafschaftslauf.de\/web\/wp-json\/wp\/v2\/comments?post=2839"}],"version-history":[{"count":1,"href":"https:\/\/www.grafschaftslauf.de\/web\/wp-json\/wp\/v2\/posts\/2839\/revisions"}],"predecessor-version":[{"id":2841,"href":"https:\/\/www.grafschaftslauf.de\/web\/wp-json\/wp\/v2\/posts\/2839\/revisions\/2841"}],"wp:featuredmedia":[{"embeddable":true,"href":"https:\/\/www.grafschaftslauf.de\/web\/wp-json\/wp\/v2\/media\/2840"}],"wp:attachment":[{"href":"https:\/\/www.grafschaftslauf.de\/web\/wp-json\/wp\/v2\/media?parent=2839"}],"wp:term":[{"taxonomy":"category","embeddable":true,"href":"https:\/\/www.grafschaftslauf.de\/web\/wp-json\/wp\/v2\/categories?post=2839"},{"taxonomy":"post_tag","embeddable":true,"href":"https:\/\/www.grafschaftslauf.de\/web\/wp-json\/wp\/v2\/tags?post=2839"}],"curies":[{"name":"wp","href":"https:\/\/api.w.org\/{rel}","templated":true}]}}